{"id":968,"date":"2026-02-12T13:21:56","date_gmt":"2026-02-12T12:21:56","guid":{"rendered":"https:\/\/www.qualidanse.fr\/magasin-glace-danse-lyon\/?p=968"},"modified":"2026-02-12T13:21:56","modified_gmt":"2026-02-12T12:21:56","slug":"salon-des-collections-2026","status":"publish","type":"post","link":"https:\/\/www.qualidanse.fr\/magasin-glace-danse-lyon\/actualites\/salon-des-collections-2026\/","title":{"rendered":"Salon des Collections 2026"},"content":{"rendered":"<p>La boutique a fait le plein de nouveaut\u00e9s au Salon des Collections de l&rsquo;AMD le week-end dernier !<\/p>\n<p>Encore une belle \u00e9dition de cet \u00e9v\u00e9nement, o\u00f9 nous avons pu nous mettre en chasse des derni\u00e8res petites p\u00e9pites et innovations technique pour toujours mieux vous \u00e9quiper ! Pour l\u2019occasion \u00e9taient r\u00e9unies grandes marques nationales et internationales mais \u00e9galement boutiques d\u2019articles de danse.<br aria-hidden=\"true\" \/><br aria-hidden=\"true\" \/>On craque tout particuli\u00e8rement pour :<\/p>\n<ul>\n<li>La <strong>collection dentelle de chez Degas<\/strong> et leurs tutus multicolores (fabrication fran\u00e7aise)<\/li>\n<li>Les jolies <strong>chaussures de danse Merlet de la collection Automne Hiver,<\/strong> \u00e0 retrouver en boutique \u00e0 la rentr\u00e9e<\/li>\n<li>L&rsquo;<strong>\u00e9l\u00e9gante collection de justaucorps<\/strong> Harmony<\/li>\n<li>Les <strong>pointes Gaynor Minden nouvelle g\u00e9n\u00e9ration<\/strong>, disponibles en boutique \u00e0 la rentr\u00e9e<\/li>\n<li>Les <strong>jolies baskets de danse Werner Kern<\/strong>, au confort in\u00e9gal\u00e9.<\/li>\n<\/ul>\n\n\t\t<style type=\"text\/css\">\n\t\t\t#gallery-1 {\n\t\t\t\tmargin: auto;\n\t\t\t}\n\t\t\t#gallery-1 .gallery-item {\n\t\t\t\tfloat: left;\n\t\t\t\tmargin-top: 10px;\n\t\t\t\ttext-align: center;\n\t\t\t\twidth: 25%;\n\t\t\t}\n\t\t\t#gallery-1 img {\n\t\t\t\tborder: 2px solid #cfcfcf;\n\t\t\t}\n\t\t\t#gallery-1 .gallery-caption {\n\t\t\t\tmargin-left: 0;\n\t\t\t}\n\t\t\t\/* see gallery_shortcode() in wp-includes\/media.php *\/\n\t\t<\/style>\n\t\t<div id='gallery-1' class='gallery galleryid-968 gallery-columns-4 gallery-size-medium'><dl class='gallery-item'>\n\t\t\t<dt class='gallery-icon portrait'>\n\t\t\t\t<img loading=\"lazy\" decoding=\"async\" width=\"225\" height=\"300\" src=\"https:\/\/www.qualidanse.fr\/wp-inside\/uploads\/sites\/13\/2026\/02\/11619cac-16b0-4fe7-a1d4-1e645fa64107-225x300.jpg\" class=\"attachment-medium size-medium\" alt=\"\" srcset=\"https:\/\/www.qualidanse.fr\/wp-inside\/uploads\/sites\/13\/2026\/02\/11619cac-16b0-4fe7-a1d4-1e645fa64107-225x300.jpg 225w, https:\/\/www.qualidanse.fr\/wp-inside\/uploads\/sites\/13\/2026\/02\/11619cac-16b0-4fe7-a1d4-1e645fa64107-768x1024.jpg 768w, https:\/\/www.qualidanse.fr\/wp-inside\/uploads\/sites\/13\/2026\/02\/11619cac-16b0-4fe7-a1d4-1e645fa64107-83x110.jpg 83w, https:\/\/www.qualidanse.fr\/wp-inside\/uploads\/sites\/13\/2026\/02\/11619cac-16b0-4fe7-a1d4-1e645fa64107-165x220.jpg 165w, https:\/\/www.qualidanse.fr\/wp-inside\/uploads\/sites\/13\/2026\/02\/11619cac-16b0-4fe7-a1d4-1e645fa64107-75x100.jpg 75w, https:\/\/www.qualidanse.fr\/wp-inside\/uploads\/sites\/13\/2026\/02\/11619cac-16b0-4fe7-a1d4-1e645fa64107-248x330.jpg 248w, https:\/\/www.qualidanse.fr\/wp-inside\/uploads\/sites\/13\/2026\/02\/11619cac-16b0-4fe7-a1d4-1e645fa64107-150x200.jpg 150w, https:\/\/www.qualidanse.fr\/wp-inside\/uploads\/sites\/13\/2026\/02\/11619cac-16b0-4fe7-a1d4-1e645fa64107-113x150.jpg 113w, https:\/\/www.qualidanse.fr\/wp-inside\/uploads\/sites\/13\/2026\/02\/11619cac-16b0-4fe7-a1d4-1e645fa64107.jpg 1125w\" sizes=\"auto, (max-width: 225px) 100vw, 225px\" \/>\n\t\t\t<\/dt><\/dl><dl class='gallery-item'>\n\t\t\t<dt class='gallery-icon portrait'>\n\t\t\t\t<img loading=\"lazy\" decoding=\"async\" width=\"190\" height=\"300\" src=\"https:\/\/www.qualidanse.fr\/wp-inside\/uploads\/sites\/13\/2026\/02\/img_5879-e1770898509486-190x300.jpg\" class=\"attachment-medium size-medium\" alt=\"\" srcset=\"https:\/\/www.qualidanse.fr\/wp-inside\/uploads\/sites\/13\/2026\/02\/img_5879-e1770898509486-190x300.jpg 190w, https:\/\/www.qualidanse.fr\/wp-inside\/uploads\/sites\/13\/2026\/02\/img_5879-e1770898509486-648x1024.jpg 648w, https:\/\/www.qualidanse.fr\/wp-inside\/uploads\/sites\/13\/2026\/02\/img_5879-e1770898509486-768x1214.jpg 768w, https:\/\/www.qualidanse.fr\/wp-inside\/uploads\/sites\/13\/2026\/02\/img_5879-e1770898509486-972x1536.jpg 972w, https:\/\/www.qualidanse.fr\/wp-inside\/uploads\/sites\/13\/2026\/02\/img_5879-e1770898509486-70x110.jpg 70w, https:\/\/www.qualidanse.fr\/wp-inside\/uploads\/sites\/13\/2026\/02\/img_5879-e1770898509486-139x220.jpg 139w, https:\/\/www.qualidanse.fr\/wp-inside\/uploads\/sites\/13\/2026\/02\/img_5879-e1770898509486-63x100.jpg 63w, https:\/\/www.qualidanse.fr\/wp-inside\/uploads\/sites\/13\/2026\/02\/img_5879-e1770898509486-209x330.jpg 209w, https:\/\/www.qualidanse.fr\/wp-inside\/uploads\/sites\/13\/2026\/02\/img_5879-e1770898509486-127x200.jpg 127w, https:\/\/www.qualidanse.fr\/wp-inside\/uploads\/sites\/13\/2026\/02\/img_5879-e1770898509486-95x150.jpg 95w, https:\/\/www.qualidanse.fr\/wp-inside\/uploads\/sites\/13\/2026\/02\/img_5879-e1770898509486.jpg 1125w\" sizes=\"auto, (max-width: 190px) 100vw, 190px\" \/>\n\t\t\t<\/dt><\/dl><dl class='gallery-item'>\n\t\t\t<dt class='gallery-icon portrait'>\n\t\t\t\t<img loading=\"lazy\" decoding=\"async\" width=\"197\" height=\"300\" src=\"https:\/\/www.qualidanse.fr\/wp-inside\/uploads\/sites\/13\/2026\/02\/img_5863-197x300.jpg\" class=\"attachment-medium size-medium\" alt=\"\" srcset=\"https:\/\/www.qualidanse.fr\/wp-inside\/uploads\/sites\/13\/2026\/02\/img_5863-197x300.jpg 197w, https:\/\/www.qualidanse.fr\/wp-inside\/uploads\/sites\/13\/2026\/02\/img_5863-674x1024.jpg 674w, https:\/\/www.qualidanse.fr\/wp-inside\/uploads\/sites\/13\/2026\/02\/img_5863-768x1167.jpg 768w, https:\/\/www.qualidanse.fr\/wp-inside\/uploads\/sites\/13\/2026\/02\/img_5863-1011x1536.jpg 1011w, https:\/\/www.qualidanse.fr\/wp-inside\/uploads\/sites\/13\/2026\/02\/img_5863-1348x2048.jpg 1348w, https:\/\/www.qualidanse.fr\/wp-inside\/uploads\/sites\/13\/2026\/02\/img_5863-72x110.jpg 72w, https:\/\/www.qualidanse.fr\/wp-inside\/uploads\/sites\/13\/2026\/02\/img_5863-145x220.jpg 145w, https:\/\/www.qualidanse.fr\/wp-inside\/uploads\/sites\/13\/2026\/02\/img_5863-66x100.jpg 66w, https:\/\/www.qualidanse.fr\/wp-inside\/uploads\/sites\/13\/2026\/02\/img_5863-217x330.jpg 217w, https:\/\/www.qualidanse.fr\/wp-inside\/uploads\/sites\/13\/2026\/02\/img_5863-132x200.jpg 132w, https:\/\/www.qualidanse.fr\/wp-inside\/uploads\/sites\/13\/2026\/02\/img_5863-99x150.jpg 99w, https:\/\/www.qualidanse.fr\/wp-inside\/uploads\/sites\/13\/2026\/02\/img_5863.jpg 2000w\" sizes=\"auto, (max-width: 197px) 100vw, 197px\" \/>\n\t\t\t<\/dt><\/dl><dl class='gallery-item'>\n\t\t\t<dt class='gallery-icon portrait'>\n\t\t\t\t<img loading=\"lazy\" decoding=\"async\" width=\"222\" height=\"300\" src=\"https:\/\/www.qualidanse.fr\/wp-inside\/uploads\/sites\/13\/2026\/02\/image2-222x300.jpg\" class=\"attachment-medium size-medium\" alt=\"\" srcset=\"https:\/\/www.qualidanse.fr\/wp-inside\/uploads\/sites\/13\/2026\/02\/image2-222x300.jpg 222w, https:\/\/www.qualidanse.fr\/wp-inside\/uploads\/sites\/13\/2026\/02\/image2-81x110.jpg 81w, https:\/\/www.qualidanse.fr\/wp-inside\/uploads\/sites\/13\/2026\/02\/image2-163x220.jpg 163w, https:\/\/www.qualidanse.fr\/wp-inside\/uploads\/sites\/13\/2026\/02\/image2-74x100.jpg 74w, https:\/\/www.qualidanse.fr\/wp-inside\/uploads\/sites\/13\/2026\/02\/image2-244x330.jpg 244w, https:\/\/www.qualidanse.fr\/wp-inside\/uploads\/sites\/13\/2026\/02\/image2-148x200.jpg 148w, https:\/\/www.qualidanse.fr\/wp-inside\/uploads\/sites\/13\/2026\/02\/image2-111x150.jpg 111w, https:\/\/www.qualidanse.fr\/wp-inside\/uploads\/sites\/13\/2026\/02\/image2.jpg 363w\" sizes=\"auto, (max-width: 222px) 100vw, 222px\" \/>\n\t\t\t<\/dt><\/dl><br style=\"clear: both\" \/>\n\t\t<\/div>\n\n<p>La boutique a \u00e9galement re\u00e7u lors de l&rsquo;\u00e9v\u00e9nement le Label Qualidanse pour l&rsquo;ann\u00e9e 2026, gage de service, conseils techniques, et de produits de qualit\u00e9 !<\/p>\n<p><img decoding=\"async\" src=\"https:\/\/www.qualidanse.fr\/wp-inside\/uploads\/sites\/13\/2026\/02\/image1-300x161.jpg\" class=\"aligncenter size-medium\" \/><\/p>\n<p>Retrouvez toutes ces nouveaut\u00e9s en direct sur <a href=\"https:\/\/www.instagram.com\/glace_danse\">nos r\u00e9seaux sociaux !<\/a><\/p>\n","protected":false},"excerpt":{"rendered":"<p>La boutique a fait le plein de nouveaut\u00e9s au Salon des Collections de l&rsquo;AMD le week-end dernier ! Encore une belle \u00e9dition de cet \u00e9v\u00e9nement, o\u00f9 nous avons pu nous [&hellip;]<\/p>\n","protected":false},"author":14,"featured_media":978,"comment_status":"closed","ping_status":"closed","sticky":false,"template":"","format":"standard","meta":{"_acf_changed":false,"footnotes":""},"categories":[1],"tags":[],"class_list":["post-968","post","type-post","status-publish","format-standard","has-post-thumbnail","hentry","category-actualites","wp-sticky"],"acf":[],"yoast_head":"<!-- This site is optimized with the Yoast SEO plugin v27.5 - https:\/\/yoast.com\/product\/yoast-seo-wordpress\/ -->\n<title>Salon des Collections 2026<\/title>\n<meta name=\"robots\" content=\"index, follow, max-snippet:-1, max-image-preview:large, max-video-preview:-1\" \/>\n<link rel=\"canonical\" href=\"https:\/\/www.qualidanse.fr\/magasin-glace-danse-lyon\/actualites\/salon-des-collections-2026\/\" \/>\n<meta property=\"og:locale\" content=\"fr_FR\" \/>\n<meta property=\"og:type\" content=\"article\" \/>\n<meta property=\"og:title\" content=\"Salon des Collections 2026\" \/>\n<meta property=\"og:description\" content=\"La boutique a fait le plein de nouveaut\u00e9s au Salon des Collections de l&rsquo;AMD le week-end dernier ! Encore une belle \u00e9dition de cet \u00e9v\u00e9nement, o\u00f9 nous avons pu nous [&hellip;]\" \/>\n<meta property=\"og:url\" content=\"https:\/\/www.qualidanse.fr\/magasin-glace-danse-lyon\/actualites\/salon-des-collections-2026\/\" \/>\n<meta property=\"og:site_name\" content=\"Glace Danse\" \/>\n<meta property=\"article:published_time\" content=\"2026-02-12T12:21:56+00:00\" \/>\n<meta property=\"og:image\" content=\"https:\/\/www.qualidanse.fr\/wp-inside\/uploads\/sites\/13\/2026\/02\/img_5834-e1770898900477.jpg\" \/>\n\t<meta property=\"og:image:width\" content=\"1124\" \/>\n\t<meta property=\"og:image:height\" content=\"1138\" \/>\n\t<meta property=\"og:image:type\" content=\"image\/jpeg\" \/>\n<meta name=\"author\" content=\"Glace Danse\" \/>\n<meta name=\"twitter:card\" content=\"summary_large_image\" \/>\n<meta name=\"twitter:label1\" content=\"\u00c9crit par\" \/>\n\t<meta name=\"twitter:data1\" content=\"Glace Danse\" \/>\n\t<meta name=\"twitter:label2\" content=\"Dur\u00e9e de lecture estim\u00e9e\" \/>\n\t<meta name=\"twitter:data2\" content=\"1 minute\" \/>\n<script type=\"application\/ld+json\" class=\"yoast-schema-graph\">{\"@context\":\"https:\\\/\\\/schema.org\",\"@graph\":[{\"@type\":[\"Article\",\"BlogPosting\"],\"@id\":\"https:\\\/\\\/www.qualidanse.fr\\\/magasin-glace-danse-lyon\\\/actualites\\\/salon-des-collections-2026\\\/#article\",\"isPartOf\":{\"@id\":\"https:\\\/\\\/www.qualidanse.fr\\\/magasin-glace-danse-lyon\\\/actualites\\\/salon-des-collections-2026\\\/\"},\"author\":{\"name\":\"Glace Danse\",\"@id\":\"https:\\\/\\\/www.qualidanse.fr\\\/magasin-glace-danse-lyon\\\/#\\\/schema\\\/person\\\/29a75453712943d403f1d6e1eedbd676\"},\"headline\":\"Salon des Collections 2026\",\"datePublished\":\"2026-02-12T12:21:56+00:00\",\"mainEntityOfPage\":{\"@id\":\"https:\\\/\\\/www.qualidanse.fr\\\/magasin-glace-danse-lyon\\\/actualites\\\/salon-des-collections-2026\\\/\"},\"wordCount\":185,\"image\":{\"@id\":\"https:\\\/\\\/www.qualidanse.fr\\\/magasin-glace-danse-lyon\\\/actualites\\\/salon-des-collections-2026\\\/#primaryimage\"},\"thumbnailUrl\":\"https:\\\/\\\/www.qualidanse.fr\\\/wp-inside\\\/uploads\\\/sites\\\/13\\\/2026\\\/02\\\/img_5834-e1770898900477.jpg\",\"articleSection\":[\"Actualit\u00e9s\"],\"inLanguage\":\"fr-FR\"},{\"@type\":\"WebPage\",\"@id\":\"https:\\\/\\\/www.qualidanse.fr\\\/magasin-glace-danse-lyon\\\/actualites\\\/salon-des-collections-2026\\\/\",\"url\":\"https:\\\/\\\/www.qualidanse.fr\\\/magasin-glace-danse-lyon\\\/actualites\\\/salon-des-collections-2026\\\/\",\"name\":\"Salon des Collections 2026\",\"isPartOf\":{\"@id\":\"https:\\\/\\\/www.qualidanse.fr\\\/magasin-glace-danse-lyon\\\/#website\"},\"primaryImageOfPage\":{\"@id\":\"https:\\\/\\\/www.qualidanse.fr\\\/magasin-glace-danse-lyon\\\/actualites\\\/salon-des-collections-2026\\\/#primaryimage\"},\"image\":{\"@id\":\"https:\\\/\\\/www.qualidanse.fr\\\/magasin-glace-danse-lyon\\\/actualites\\\/salon-des-collections-2026\\\/#primaryimage\"},\"thumbnailUrl\":\"https:\\\/\\\/www.qualidanse.fr\\\/wp-inside\\\/uploads\\\/sites\\\/13\\\/2026\\\/02\\\/img_5834-e1770898900477.jpg\",\"datePublished\":\"2026-02-12T12:21:56+00:00\",\"author\":{\"@id\":\"https:\\\/\\\/www.qualidanse.fr\\\/magasin-glace-danse-lyon\\\/#\\\/schema\\\/person\\\/29a75453712943d403f1d6e1eedbd676\"},\"inLanguage\":\"fr-FR\",\"potentialAction\":[{\"@type\":\"ReadAction\",\"target\":[\"https:\\\/\\\/www.qualidanse.fr\\\/magasin-glace-danse-lyon\\\/actualites\\\/salon-des-collections-2026\\\/\"]}]},{\"@type\":\"ImageObject\",\"inLanguage\":\"fr-FR\",\"@id\":\"https:\\\/\\\/www.qualidanse.fr\\\/magasin-glace-danse-lyon\\\/actualites\\\/salon-des-collections-2026\\\/#primaryimage\",\"url\":\"https:\\\/\\\/www.qualidanse.fr\\\/wp-inside\\\/uploads\\\/sites\\\/13\\\/2026\\\/02\\\/img_5834-e1770898900477.jpg\",\"contentUrl\":\"https:\\\/\\\/www.qualidanse.fr\\\/wp-inside\\\/uploads\\\/sites\\\/13\\\/2026\\\/02\\\/img_5834-e1770898900477.jpg\",\"width\":1124,\"height\":1138},{\"@type\":\"WebSite\",\"@id\":\"https:\\\/\\\/www.qualidanse.fr\\\/magasin-glace-danse-lyon\\\/#website\",\"url\":\"https:\\\/\\\/www.qualidanse.fr\\\/magasin-glace-danse-lyon\\\/\",\"name\":\"Glace Danse\",\"description\":\"\",\"potentialAction\":[{\"@type\":\"SearchAction\",\"target\":{\"@type\":\"EntryPoint\",\"urlTemplate\":\"https:\\\/\\\/www.qualidanse.fr\\\/magasin-glace-danse-lyon\\\/?s={search_term_string}\"},\"query-input\":{\"@type\":\"PropertyValueSpecification\",\"valueRequired\":true,\"valueName\":\"search_term_string\"}}],\"inLanguage\":\"fr-FR\"},{\"@type\":\"Person\",\"@id\":\"https:\\\/\\\/www.qualidanse.fr\\\/magasin-glace-danse-lyon\\\/#\\\/schema\\\/person\\\/29a75453712943d403f1d6e1eedbd676\",\"name\":\"Glace Danse\",\"image\":{\"@type\":\"ImageObject\",\"inLanguage\":\"fr-FR\",\"@id\":\"https:\\\/\\\/secure.gravatar.com\\\/avatar\\\/9d17e5d4ab8308239513b1a7427b581bb75698ff3b53716eb6185c6cf2c455e1?s=96&d=mm&r=g\",\"url\":\"https:\\\/\\\/secure.gravatar.com\\\/avatar\\\/9d17e5d4ab8308239513b1a7427b581bb75698ff3b53716eb6185c6cf2c455e1?s=96&d=mm&r=g\",\"contentUrl\":\"https:\\\/\\\/secure.gravatar.com\\\/avatar\\\/9d17e5d4ab8308239513b1a7427b581bb75698ff3b53716eb6185c6cf2c455e1?s=96&d=mm&r=g\",\"caption\":\"Glace Danse\"}}]}<\/script>\n<!-- \/ Yoast SEO plugin. -->","yoast_head_json":{"title":"Salon des Collections 2026","robots":{"index":"index","follow":"follow","max-snippet":"max-snippet:-1","max-image-preview":"max-image-preview:large","max-video-preview":"max-video-preview:-1"},"canonical":"https:\/\/www.qualidanse.fr\/magasin-glace-danse-lyon\/actualites\/salon-des-collections-2026\/","og_locale":"fr_FR","og_type":"article","og_title":"Salon des Collections 2026","og_description":"La boutique a fait le plein de nouveaut\u00e9s au Salon des Collections de l&rsquo;AMD le week-end dernier ! Encore une belle \u00e9dition de cet \u00e9v\u00e9nement, o\u00f9 nous avons pu nous [&hellip;]","og_url":"https:\/\/www.qualidanse.fr\/magasin-glace-danse-lyon\/actualites\/salon-des-collections-2026\/","og_site_name":"Glace Danse","article_published_time":"2026-02-12T12:21:56+00:00","og_image":[{"width":1124,"height":1138,"url":"https:\/\/www.qualidanse.fr\/wp-inside\/uploads\/sites\/13\/2026\/02\/img_5834-e1770898900477.jpg","type":"image\/jpeg"}],"author":"Glace Danse","twitter_card":"summary_large_image","twitter_misc":{"\u00c9crit par":"Glace Danse","Dur\u00e9e de lecture estim\u00e9e":"1 minute"},"schema":{"@context":"https:\/\/schema.org","@graph":[{"@type":["Article","BlogPosting"],"@id":"https:\/\/www.qualidanse.fr\/magasin-glace-danse-lyon\/actualites\/salon-des-collections-2026\/#article","isPartOf":{"@id":"https:\/\/www.qualidanse.fr\/magasin-glace-danse-lyon\/actualites\/salon-des-collections-2026\/"},"author":{"name":"Glace Danse","@id":"https:\/\/www.qualidanse.fr\/magasin-glace-danse-lyon\/#\/schema\/person\/29a75453712943d403f1d6e1eedbd676"},"headline":"Salon des Collections 2026","datePublished":"2026-02-12T12:21:56+00:00","mainEntityOfPage":{"@id":"https:\/\/www.qualidanse.fr\/magasin-glace-danse-lyon\/actualites\/salon-des-collections-2026\/"},"wordCount":185,"image":{"@id":"https:\/\/www.qualidanse.fr\/magasin-glace-danse-lyon\/actualites\/salon-des-collections-2026\/#primaryimage"},"thumbnailUrl":"https:\/\/www.qualidanse.fr\/wp-inside\/uploads\/sites\/13\/2026\/02\/img_5834-e1770898900477.jpg","articleSection":["Actualit\u00e9s"],"inLanguage":"fr-FR"},{"@type":"WebPage","@id":"https:\/\/www.qualidanse.fr\/magasin-glace-danse-lyon\/actualites\/salon-des-collections-2026\/","url":"https:\/\/www.qualidanse.fr\/magasin-glace-danse-lyon\/actualites\/salon-des-collections-2026\/","name":"Salon des Collections 2026","isPartOf":{"@id":"https:\/\/www.qualidanse.fr\/magasin-glace-danse-lyon\/#website"},"primaryImageOfPage":{"@id":"https:\/\/www.qualidanse.fr\/magasin-glace-danse-lyon\/actualites\/salon-des-collections-2026\/#primaryimage"},"image":{"@id":"https:\/\/www.qualidanse.fr\/magasin-glace-danse-lyon\/actualites\/salon-des-collections-2026\/#primaryimage"},"thumbnailUrl":"https:\/\/www.qualidanse.fr\/wp-inside\/uploads\/sites\/13\/2026\/02\/img_5834-e1770898900477.jpg","datePublished":"2026-02-12T12:21:56+00:00","author":{"@id":"https:\/\/www.qualidanse.fr\/magasin-glace-danse-lyon\/#\/schema\/person\/29a75453712943d403f1d6e1eedbd676"},"inLanguage":"fr-FR","potentialAction":[{"@type":"ReadAction","target":["https:\/\/www.qualidanse.fr\/magasin-glace-danse-lyon\/actualites\/salon-des-collections-2026\/"]}]},{"@type":"ImageObject","inLanguage":"fr-FR","@id":"https:\/\/www.qualidanse.fr\/magasin-glace-danse-lyon\/actualites\/salon-des-collections-2026\/#primaryimage","url":"https:\/\/www.qualidanse.fr\/wp-inside\/uploads\/sites\/13\/2026\/02\/img_5834-e1770898900477.jpg","contentUrl":"https:\/\/www.qualidanse.fr\/wp-inside\/uploads\/sites\/13\/2026\/02\/img_5834-e1770898900477.jpg","width":1124,"height":1138},{"@type":"WebSite","@id":"https:\/\/www.qualidanse.fr\/magasin-glace-danse-lyon\/#website","url":"https:\/\/www.qualidanse.fr\/magasin-glace-danse-lyon\/","name":"Glace Danse","description":"","potentialAction":[{"@type":"SearchAction","target":{"@type":"EntryPoint","urlTemplate":"https:\/\/www.qualidanse.fr\/magasin-glace-danse-lyon\/?s={search_term_string}"},"query-input":{"@type":"PropertyValueSpecification","valueRequired":true,"valueName":"search_term_string"}}],"inLanguage":"fr-FR"},{"@type":"Person","@id":"https:\/\/www.qualidanse.fr\/magasin-glace-danse-lyon\/#\/schema\/person\/29a75453712943d403f1d6e1eedbd676","name":"Glace Danse","image":{"@type":"ImageObject","inLanguage":"fr-FR","@id":"https:\/\/secure.gravatar.com\/avatar\/9d17e5d4ab8308239513b1a7427b581bb75698ff3b53716eb6185c6cf2c455e1?s=96&d=mm&r=g","url":"https:\/\/secure.gravatar.com\/avatar\/9d17e5d4ab8308239513b1a7427b581bb75698ff3b53716eb6185c6cf2c455e1?s=96&d=mm&r=g","contentUrl":"https:\/\/secure.gravatar.com\/avatar\/9d17e5d4ab8308239513b1a7427b581bb75698ff3b53716eb6185c6cf2c455e1?s=96&d=mm&r=g","caption":"Glace Danse"}}]}},"_links":{"self":[{"href":"https:\/\/www.qualidanse.fr\/magasin-glace-danse-lyon\/wp-json\/wp\/v2\/posts\/968","targetHints":{"allow":["GET"]}}],"collection":[{"href":"https:\/\/www.qualidanse.fr\/magasin-glace-danse-lyon\/wp-json\/wp\/v2\/posts"}],"about":[{"href":"https:\/\/www.qualidanse.fr\/magasin-glace-danse-lyon\/wp-json\/wp\/v2\/types\/post"}],"author":[{"embeddable":true,"href":"https:\/\/www.qualidanse.fr\/magasin-glace-danse-lyon\/wp-json\/wp\/v2\/users\/14"}],"replies":[{"embeddable":true,"href":"https:\/\/www.qualidanse.fr\/magasin-glace-danse-lyon\/wp-json\/wp\/v2\/comments?post=968"}],"version-history":[{"count":1,"href":"https:\/\/www.qualidanse.fr\/magasin-glace-danse-lyon\/wp-json\/wp\/v2\/posts\/968\/revisions"}],"predecessor-version":[{"id":979,"href":"https:\/\/www.qualidanse.fr\/magasin-glace-danse-lyon\/wp-json\/wp\/v2\/posts\/968\/revisions\/979"}],"wp:featuredmedia":[{"embeddable":true,"href":"https:\/\/www.qualidanse.fr\/magasin-glace-danse-lyon\/wp-json\/wp\/v2\/media\/978"}],"wp:attachment":[{"href":"https:\/\/www.qualidanse.fr\/magasin-glace-danse-lyon\/wp-json\/wp\/v2\/media?parent=968"}],"wp:term":[{"taxonomy":"category","embeddable":true,"href":"https:\/\/www.qualidanse.fr\/magasin-glace-danse-lyon\/wp-json\/wp\/v2\/categories?post=968"},{"taxonomy":"post_tag","embeddable":true,"href":"https:\/\/www.qualidanse.fr\/magasin-glace-danse-lyon\/wp-json\/wp\/v2\/tags?post=968"}],"curies":[{"name":"wp","href":"https:\/\/api.w.org\/{rel}","templated":true}]}}