{"id":89,"date":"2019-07-09T19:44:07","date_gmt":"2019-07-09T17:44:07","guid":{"rendered":"https:\/\/www.qualidanse.fr\/marque-werner-kern\/?p=89"},"modified":"2019-07-09T19:44:07","modified_gmt":"2019-07-09T17:44:07","slug":"personnalisez-vos-chaussures","status":"publish","type":"post","link":"https:\/\/www.qualidanse.fr\/marque-werner-kern\/2019\/07\/09\/personnalisez-vos-chaussures\/","title":{"rendered":"Personnalisez vos chaussures !"},"content":{"rendered":"<p style=\"text-align: center\">DES CHAUSSURES DE LA COULEUR DE VOTRE ROBE<\/p>\n<p style=\"text-align: center\">En danse de salon certaines aimeraient avoir des chaussures de la couleur de leur robe<\/p>\n<p style=\"text-align: center\">C\u2019est tout \u00e0 fait possible<\/p>\n<p style=\"text-align: center\"><img decoding=\"async\" src=\"https:\/\/www.qualidanse.fr\/wp-inside\/uploads\/sites\/22\/2019\/07\/werner-kern-personnalisation.jpg\" class=\"alignnone size-full\" \/><\/p>\n<p style=\"text-align: center\">Vous commandez un mod\u00e8le de la collection \u2018mariage\u2019 en satin blanc, vous nous fournissez un \u00e9chantillon de tissu de votre robe et, moyennant un suppl\u00e9ment, nous les faisons teindre sp\u00e9cialement pour vous.<\/p>\n<p style=\"text-align: center\">Attention : d\u00e9lais \u00e0 confirmer \u00e0 la commande.<\/p>\n","protected":false},"excerpt":{"rendered":"<p>DES CHAUSSURES DE LA COULEUR DE VOTRE ROBE En danse de salon certaines aimeraient avoir des chaussures de la couleur de leur robe C\u2019est tout \u00e0 fait possible Vous commandez [&hellip;]<\/p>\n","protected":false},"author":14,"featured_media":90,"comment_status":"closed","ping_status":"closed","sticky":false,"template":"","format":"standard","meta":{"_acf_changed":false,"footnotes":""},"categories":[1],"tags":[],"class_list":["post-89","post","type-post","status-publish","format-standard","has-post-thumbnail","hentry","category-actualites","wp-sticky"],"acf":[],"yoast_head":"<!-- This site is optimized with the Yoast SEO plugin v27.5 - https:\/\/yoast.com\/product\/yoast-seo-wordpress\/ -->\n<title>Personnalisez vos chaussures !<\/title>\n<meta name=\"robots\" content=\"index, follow, max-snippet:-1, max-image-preview:large, max-video-preview:-1\" \/>\n<link rel=\"canonical\" href=\"https:\/\/www.qualidanse.fr\/marque-werner-kern\/2019\/07\/09\/personnalisez-vos-chaussures\/\" \/>\n<meta property=\"og:locale\" content=\"fr_FR\" \/>\n<meta property=\"og:type\" content=\"article\" \/>\n<meta property=\"og:title\" content=\"Personnalisez vos chaussures !\" \/>\n<meta property=\"og:description\" content=\"DES CHAUSSURES DE LA COULEUR DE VOTRE ROBE En danse de salon certaines aimeraient avoir des chaussures de la couleur de leur robe C\u2019est tout \u00e0 fait possible Vous commandez [&hellip;]\" \/>\n<meta property=\"og:url\" content=\"https:\/\/www.qualidanse.fr\/marque-werner-kern\/2019\/07\/09\/personnalisez-vos-chaussures\/\" \/>\n<meta property=\"og:site_name\" content=\"Werner Kern\" \/>\n<meta property=\"article:published_time\" content=\"2019-07-09T17:44:07+00:00\" \/>\n<meta property=\"og:image\" content=\"https:\/\/www.qualidanse.fr\/wp-inside\/uploads\/sites\/22\/2019\/07\/werner-kern-personnalisation.jpg\" \/>\n\t<meta property=\"og:image:width\" content=\"1421\" \/>\n\t<meta property=\"og:image:height\" content=\"856\" \/>\n\t<meta property=\"og:image:type\" content=\"image\/jpeg\" \/>\n<meta name=\"author\" content=\"Glace Danse\" \/>\n<meta name=\"twitter:card\" content=\"summary_large_image\" \/>\n<meta name=\"twitter:label1\" content=\"\u00c9crit par\" \/>\n\t<meta name=\"twitter:data1\" content=\"Glace Danse\" \/>\n<script type=\"application\/ld+json\" class=\"yoast-schema-graph\">{\"@context\":\"https:\\\/\\\/schema.org\",\"@graph\":[{\"@type\":[\"Article\",\"BlogPosting\"],\"@id\":\"https:\\\/\\\/www.qualidanse.fr\\\/marque-werner-kern\\\/2019\\\/07\\\/09\\\/personnalisez-vos-chaussures\\\/#article\",\"isPartOf\":{\"@id\":\"https:\\\/\\\/www.qualidanse.fr\\\/marque-werner-kern\\\/2019\\\/07\\\/09\\\/personnalisez-vos-chaussures\\\/\"},\"author\":{\"name\":\"Glace Danse\",\"@id\":\"https:\\\/\\\/www.qualidanse.fr\\\/marque-werner-kern\\\/#\\\/schema\\\/person\\\/29a75453712943d403f1d6e1eedbd676\"},\"headline\":\"Personnalisez vos chaussures !\",\"datePublished\":\"2019-07-09T17:44:07+00:00\",\"mainEntityOfPage\":{\"@id\":\"https:\\\/\\\/www.qualidanse.fr\\\/marque-werner-kern\\\/2019\\\/07\\\/09\\\/personnalisez-vos-chaussures\\\/\"},\"wordCount\":72,\"image\":{\"@id\":\"https:\\\/\\\/www.qualidanse.fr\\\/marque-werner-kern\\\/2019\\\/07\\\/09\\\/personnalisez-vos-chaussures\\\/#primaryimage\"},\"thumbnailUrl\":\"https:\\\/\\\/www.qualidanse.fr\\\/wp-inside\\\/uploads\\\/sites\\\/22\\\/2019\\\/07\\\/werner-kern-personnalisation.jpg\",\"articleSection\":[\"Actualit\u00e9s\"],\"inLanguage\":\"fr-FR\"},{\"@type\":\"WebPage\",\"@id\":\"https:\\\/\\\/www.qualidanse.fr\\\/marque-werner-kern\\\/2019\\\/07\\\/09\\\/personnalisez-vos-chaussures\\\/\",\"url\":\"https:\\\/\\\/www.qualidanse.fr\\\/marque-werner-kern\\\/2019\\\/07\\\/09\\\/personnalisez-vos-chaussures\\\/\",\"name\":\"Personnalisez vos chaussures !\",\"isPartOf\":{\"@id\":\"https:\\\/\\\/www.qualidanse.fr\\\/marque-werner-kern\\\/#website\"},\"primaryImageOfPage\":{\"@id\":\"https:\\\/\\\/www.qualidanse.fr\\\/marque-werner-kern\\\/2019\\\/07\\\/09\\\/personnalisez-vos-chaussures\\\/#primaryimage\"},\"image\":{\"@id\":\"https:\\\/\\\/www.qualidanse.fr\\\/marque-werner-kern\\\/2019\\\/07\\\/09\\\/personnalisez-vos-chaussures\\\/#primaryimage\"},\"thumbnailUrl\":\"https:\\\/\\\/www.qualidanse.fr\\\/wp-inside\\\/uploads\\\/sites\\\/22\\\/2019\\\/07\\\/werner-kern-personnalisation.jpg\",\"datePublished\":\"2019-07-09T17:44:07+00:00\",\"author\":{\"@id\":\"https:\\\/\\\/www.qualidanse.fr\\\/marque-werner-kern\\\/#\\\/schema\\\/person\\\/29a75453712943d403f1d6e1eedbd676\"},\"inLanguage\":\"fr-FR\",\"potentialAction\":[{\"@type\":\"ReadAction\",\"target\":[\"https:\\\/\\\/www.qualidanse.fr\\\/marque-werner-kern\\\/2019\\\/07\\\/09\\\/personnalisez-vos-chaussures\\\/\"]}]},{\"@type\":\"ImageObject\",\"inLanguage\":\"fr-FR\",\"@id\":\"https:\\\/\\\/www.qualidanse.fr\\\/marque-werner-kern\\\/2019\\\/07\\\/09\\\/personnalisez-vos-chaussures\\\/#primaryimage\",\"url\":\"https:\\\/\\\/www.qualidanse.fr\\\/wp-inside\\\/uploads\\\/sites\\\/22\\\/2019\\\/07\\\/werner-kern-personnalisation.jpg\",\"contentUrl\":\"https:\\\/\\\/www.qualidanse.fr\\\/wp-inside\\\/uploads\\\/sites\\\/22\\\/2019\\\/07\\\/werner-kern-personnalisation.jpg\",\"width\":1421,\"height\":856},{\"@type\":\"WebSite\",\"@id\":\"https:\\\/\\\/www.qualidanse.fr\\\/marque-werner-kern\\\/#website\",\"url\":\"https:\\\/\\\/www.qualidanse.fr\\\/marque-werner-kern\\\/\",\"name\":\"Werner Kern\",\"description\":\"\",\"potentialAction\":[{\"@type\":\"SearchAction\",\"target\":{\"@type\":\"EntryPoint\",\"urlTemplate\":\"https:\\\/\\\/www.qualidanse.fr\\\/marque-werner-kern\\\/?s={search_term_string}\"},\"query-input\":{\"@type\":\"PropertyValueSpecification\",\"valueRequired\":true,\"valueName\":\"search_term_string\"}}],\"inLanguage\":\"fr-FR\"},{\"@type\":\"Person\",\"@id\":\"https:\\\/\\\/www.qualidanse.fr\\\/marque-werner-kern\\\/#\\\/schema\\\/person\\\/29a75453712943d403f1d6e1eedbd676\",\"name\":\"Glace Danse\",\"image\":{\"@type\":\"ImageObject\",\"inLanguage\":\"fr-FR\",\"@id\":\"https:\\\/\\\/secure.gravatar.com\\\/avatar\\\/9d17e5d4ab8308239513b1a7427b581bb75698ff3b53716eb6185c6cf2c455e1?s=96&d=mm&r=g\",\"url\":\"https:\\\/\\\/secure.gravatar.com\\\/avatar\\\/9d17e5d4ab8308239513b1a7427b581bb75698ff3b53716eb6185c6cf2c455e1?s=96&d=mm&r=g\",\"contentUrl\":\"https:\\\/\\\/secure.gravatar.com\\\/avatar\\\/9d17e5d4ab8308239513b1a7427b581bb75698ff3b53716eb6185c6cf2c455e1?s=96&d=mm&r=g\",\"caption\":\"Glace Danse\"}}]}<\/script>\n<!-- \/ Yoast SEO plugin. -->","yoast_head_json":{"title":"Personnalisez vos chaussures !","robots":{"index":"index","follow":"follow","max-snippet":"max-snippet:-1","max-image-preview":"max-image-preview:large","max-video-preview":"max-video-preview:-1"},"canonical":"https:\/\/www.qualidanse.fr\/marque-werner-kern\/2019\/07\/09\/personnalisez-vos-chaussures\/","og_locale":"fr_FR","og_type":"article","og_title":"Personnalisez vos chaussures !","og_description":"DES CHAUSSURES DE LA COULEUR DE VOTRE ROBE En danse de salon certaines aimeraient avoir des chaussures de la couleur de leur robe C\u2019est tout \u00e0 fait possible Vous commandez [&hellip;]","og_url":"https:\/\/www.qualidanse.fr\/marque-werner-kern\/2019\/07\/09\/personnalisez-vos-chaussures\/","og_site_name":"Werner Kern","article_published_time":"2019-07-09T17:44:07+00:00","og_image":[{"width":1421,"height":856,"url":"https:\/\/www.qualidanse.fr\/wp-inside\/uploads\/sites\/22\/2019\/07\/werner-kern-personnalisation.jpg","type":"image\/jpeg"}],"author":"Glace Danse","twitter_card":"summary_large_image","twitter_misc":{"\u00c9crit par":"Glace Danse"},"schema":{"@context":"https:\/\/schema.org","@graph":[{"@type":["Article","BlogPosting"],"@id":"https:\/\/www.qualidanse.fr\/marque-werner-kern\/2019\/07\/09\/personnalisez-vos-chaussures\/#article","isPartOf":{"@id":"https:\/\/www.qualidanse.fr\/marque-werner-kern\/2019\/07\/09\/personnalisez-vos-chaussures\/"},"author":{"name":"Glace Danse","@id":"https:\/\/www.qualidanse.fr\/marque-werner-kern\/#\/schema\/person\/29a75453712943d403f1d6e1eedbd676"},"headline":"Personnalisez vos chaussures !","datePublished":"2019-07-09T17:44:07+00:00","mainEntityOfPage":{"@id":"https:\/\/www.qualidanse.fr\/marque-werner-kern\/2019\/07\/09\/personnalisez-vos-chaussures\/"},"wordCount":72,"image":{"@id":"https:\/\/www.qualidanse.fr\/marque-werner-kern\/2019\/07\/09\/personnalisez-vos-chaussures\/#primaryimage"},"thumbnailUrl":"https:\/\/www.qualidanse.fr\/wp-inside\/uploads\/sites\/22\/2019\/07\/werner-kern-personnalisation.jpg","articleSection":["Actualit\u00e9s"],"inLanguage":"fr-FR"},{"@type":"WebPage","@id":"https:\/\/www.qualidanse.fr\/marque-werner-kern\/2019\/07\/09\/personnalisez-vos-chaussures\/","url":"https:\/\/www.qualidanse.fr\/marque-werner-kern\/2019\/07\/09\/personnalisez-vos-chaussures\/","name":"Personnalisez vos chaussures !","isPartOf":{"@id":"https:\/\/www.qualidanse.fr\/marque-werner-kern\/#website"},"primaryImageOfPage":{"@id":"https:\/\/www.qualidanse.fr\/marque-werner-kern\/2019\/07\/09\/personnalisez-vos-chaussures\/#primaryimage"},"image":{"@id":"https:\/\/www.qualidanse.fr\/marque-werner-kern\/2019\/07\/09\/personnalisez-vos-chaussures\/#primaryimage"},"thumbnailUrl":"https:\/\/www.qualidanse.fr\/wp-inside\/uploads\/sites\/22\/2019\/07\/werner-kern-personnalisation.jpg","datePublished":"2019-07-09T17:44:07+00:00","author":{"@id":"https:\/\/www.qualidanse.fr\/marque-werner-kern\/#\/schema\/person\/29a75453712943d403f1d6e1eedbd676"},"inLanguage":"fr-FR","potentialAction":[{"@type":"ReadAction","target":["https:\/\/www.qualidanse.fr\/marque-werner-kern\/2019\/07\/09\/personnalisez-vos-chaussures\/"]}]},{"@type":"ImageObject","inLanguage":"fr-FR","@id":"https:\/\/www.qualidanse.fr\/marque-werner-kern\/2019\/07\/09\/personnalisez-vos-chaussures\/#primaryimage","url":"https:\/\/www.qualidanse.fr\/wp-inside\/uploads\/sites\/22\/2019\/07\/werner-kern-personnalisation.jpg","contentUrl":"https:\/\/www.qualidanse.fr\/wp-inside\/uploads\/sites\/22\/2019\/07\/werner-kern-personnalisation.jpg","width":1421,"height":856},{"@type":"WebSite","@id":"https:\/\/www.qualidanse.fr\/marque-werner-kern\/#website","url":"https:\/\/www.qualidanse.fr\/marque-werner-kern\/","name":"Werner Kern","description":"","potentialAction":[{"@type":"SearchAction","target":{"@type":"EntryPoint","urlTemplate":"https:\/\/www.qualidanse.fr\/marque-werner-kern\/?s={search_term_string}"},"query-input":{"@type":"PropertyValueSpecification","valueRequired":true,"valueName":"search_term_string"}}],"inLanguage":"fr-FR"},{"@type":"Person","@id":"https:\/\/www.qualidanse.fr\/marque-werner-kern\/#\/schema\/person\/29a75453712943d403f1d6e1eedbd676","name":"Glace Danse","image":{"@type":"ImageObject","inLanguage":"fr-FR","@id":"https:\/\/secure.gravatar.com\/avatar\/9d17e5d4ab8308239513b1a7427b581bb75698ff3b53716eb6185c6cf2c455e1?s=96&d=mm&r=g","url":"https:\/\/secure.gravatar.com\/avatar\/9d17e5d4ab8308239513b1a7427b581bb75698ff3b53716eb6185c6cf2c455e1?s=96&d=mm&r=g","contentUrl":"https:\/\/secure.gravatar.com\/avatar\/9d17e5d4ab8308239513b1a7427b581bb75698ff3b53716eb6185c6cf2c455e1?s=96&d=mm&r=g","caption":"Glace Danse"}}]}},"_links":{"self":[{"href":"https:\/\/www.qualidanse.fr\/marque-werner-kern\/wp-json\/wp\/v2\/posts\/89","targetHints":{"allow":["GET"]}}],"collection":[{"href":"https:\/\/www.qualidanse.fr\/marque-werner-kern\/wp-json\/wp\/v2\/posts"}],"about":[{"href":"https:\/\/www.qualidanse.fr\/marque-werner-kern\/wp-json\/wp\/v2\/types\/post"}],"author":[{"embeddable":true,"href":"https:\/\/www.qualidanse.fr\/marque-werner-kern\/wp-json\/wp\/v2\/users\/14"}],"replies":[{"embeddable":true,"href":"https:\/\/www.qualidanse.fr\/marque-werner-kern\/wp-json\/wp\/v2\/comments?post=89"}],"version-history":[{"count":1,"href":"https:\/\/www.qualidanse.fr\/marque-werner-kern\/wp-json\/wp\/v2\/posts\/89\/revisions"}],"predecessor-version":[{"id":91,"href":"https:\/\/www.qualidanse.fr\/marque-werner-kern\/wp-json\/wp\/v2\/posts\/89\/revisions\/91"}],"wp:featuredmedia":[{"embeddable":true,"href":"https:\/\/www.qualidanse.fr\/marque-werner-kern\/wp-json\/wp\/v2\/media\/90"}],"wp:attachment":[{"href":"https:\/\/www.qualidanse.fr\/marque-werner-kern\/wp-json\/wp\/v2\/media?parent=89"}],"wp:term":[{"taxonomy":"category","embeddable":true,"href":"https:\/\/www.qualidanse.fr\/marque-werner-kern\/wp-json\/wp\/v2\/categories?post=89"},{"taxonomy":"post_tag","embeddable":true,"href":"https:\/\/www.qualidanse.fr\/marque-werner-kern\/wp-json\/wp\/v2\/tags?post=89"}],"curies":[{"name":"wp","href":"https:\/\/api.w.org\/{rel}","templated":true}]}}